{"id":1724,"date":"2025-05-17T17:38:20","date_gmt":"2025-05-17T15:38:20","guid":{"rendered":"https:\/\/abadestriana.com\/noches-de-verano-en-la-terraza-de-abades-triana\/"},"modified":"2024-10-01T13:30:49","modified_gmt":"2024-10-01T11:30:49","slug":"noches-de-verano-en-la-terraza-de-abades-triana","status":"publish","type":"post","link":"https:\/\/abadestriana.com\/fr\/noches-de-verano-en-la-terraza-de-abades-triana\/","title":{"rendered":"Nuits d\u00b4\u00e9t\u00e9 sur la terrasse d\u00b4Abades Triana"},"content":{"rendered":"\n<p><br>Notre terrasse se renouvelle pour vous offrir des nuits d&rsquo;\u00e9t\u00e9 uniques. En plus de la vue panoramique bien connue de S\u00e9ville que vous pouvez admirer depuis notre terrasse, nous avons ajout\u00e9 une nouvelle proposition gastronomique accompagn\u00e9e d&rsquo;une carte de cocktails in\u00e9dite. Notre terrasse est ouverte \u00e0 partir de 20h tous les jours de la semaine, afin que vous puissiez profiter du coucher de soleil.<p style=\"margin: 0px; font-style: normal; font-variant-caps: normal; font-stretch: normal; font-size: 14px; line-height: normal; font-family: Helvetica; font-size-adjust: none; font-kerning: auto; font-variant-alternates: normal; font-variant-ligatures: normal; font-variant-numeric: normal; font-variant-east-asian: normal; font-variant-position: normal; font-variant-emoji: normal; font-feature-settings: normal; font-optical-sizing: auto; font-variation-settings: normal; color: rgb(14, 14, 14); -webkit-text-stroke-width: 0px; -webkit-text-stroke-color: rgb(14, 14, 14);\"><span style=\"font-kerning: none;\"><\/span><\/p><\/p>\n\n\n\n<p>Profitez d\u00b4une nouvelle et renouvel\u00e9e proposition gastronomique \u00e9labor\u00e9e par notre Chef \u00e1 savourer sur notre terrasse. <\/p>\n\n\n\n<p>Vous \u00eates partant? <\/p>\n","protected":false},"excerpt":{"rendered":"<p>Notre terrasse se renouvelle pour vous offrir des nuits d&rsquo;\u00e9t\u00e9 uniques. En plus de la vue panoramique bien connue de S\u00e9ville que vous pouvez admirer depuis notre terrasse, nous avons ajout\u00e9 une nouvelle proposition gastronomique accompagn\u00e9e d&rsquo;une carte de cocktails in\u00e9dite. Notre terrasse est ouverte \u00e0 partir de 20h tous les jours de la semaine, <\/p>\n","protected":false},"author":1,"featured_media":3762,"comment_status":"closed","ping_status":"closed","sticky":false,"template":"","format":"standard","meta":{"_acf_changed":false,"inline_featured_image":false,"footnotes":""},"categories":[22],"tags":[],"class_list":["post-1724","post","type-post","status-publish","format-standard","has-post-thumbnail","hentry","category-propuestas-especiales-fr"],"acf":[],"yoast_head":"<!-- This site is optimized with the Yoast SEO plugin v26.8 - https:\/\/yoast.com\/product\/yoast-seo-wordpress\/ -->\n<title>Nuits d\u00b4\u00e9t\u00e9 sur la terrasse d\u00b4Abades Triana - Abades Triana Restaurante<\/title>\n<meta name=\"robots\" content=\"index, follow, max-snippet:-1, max-image-preview:large, max-video-preview:-1\" \/>\n<link rel=\"canonical\" href=\"https:\/\/abadestriana.com\/fr\/noches-de-verano-en-la-terraza-de-abades-triana\/\" \/>\n<meta property=\"og:locale\" content=\"fr_FR\" \/>\n<meta property=\"og:type\" content=\"article\" \/>\n<meta property=\"og:title\" content=\"Nuits d\u00b4\u00e9t\u00e9 sur la terrasse d\u00b4Abades Triana - Abades Triana Restaurante\" \/>\n<meta property=\"og:description\" content=\"Notre terrasse se renouvelle pour vous offrir des nuits d&rsquo;\u00e9t\u00e9 uniques. En plus de la vue panoramique bien connue de S\u00e9ville que vous pouvez admirer depuis notre terrasse, nous avons ajout\u00e9 une nouvelle proposition gastronomique accompagn\u00e9e d&rsquo;une carte de cocktails in\u00e9dite. Notre terrasse est ouverte \u00e0 partir de 20h tous les jours de la semaine,\" \/>\n<meta property=\"og:url\" content=\"https:\/\/abadestriana.com\/fr\/noches-de-verano-en-la-terraza-de-abades-triana\/\" \/>\n<meta property=\"og:site_name\" content=\"Abades Triana Restaurante\" \/>\n<meta property=\"article:published_time\" content=\"2025-05-17T15:38:20+00:00\" \/>\n<meta property=\"og:image\" content=\"https:\/\/abadestriana.com\/wp-content\/uploads\/2024\/06\/terraza-embarcadero.jpg\" \/>\n\t<meta property=\"og:image:width\" content=\"1600\" \/>\n\t<meta property=\"og:image:height\" content=\"1066\" \/>\n\t<meta property=\"og:image:type\" content=\"image\/jpeg\" \/>\n<meta name=\"author\" content=\"@nubeseo\" \/>\n<meta name=\"twitter:card\" content=\"summary_large_image\" \/>\n<meta name=\"twitter:label1\" content=\"\u00c9crit par\" \/>\n\t<meta name=\"twitter:data1\" content=\"@nubeseo\" \/>\n\t<meta name=\"twitter:label2\" content=\"Dur\u00e9e de lecture estim\u00e9e\" \/>\n\t<meta name=\"twitter:data2\" content=\"1 minute\" \/>\n<script type=\"application\/ld+json\" class=\"yoast-schema-graph\">{\"@context\":\"https:\/\/schema.org\",\"@graph\":[{\"@type\":\"Article\",\"@id\":\"https:\/\/abadestriana.com\/fr\/noches-de-verano-en-la-terraza-de-abades-triana\/#article\",\"isPartOf\":{\"@id\":\"https:\/\/abadestriana.com\/fr\/noches-de-verano-en-la-terraza-de-abades-triana\/\"},\"author\":{\"name\":\"@nubeseo\",\"@id\":\"https:\/\/abadestriana.com\/fr\/#\/schema\/person\/a65e38748588c9bf18b965fb6cc7c928\"},\"headline\":\"Nuits d\u00b4\u00e9t\u00e9 sur la terrasse d\u00b4Abades Triana\",\"datePublished\":\"2025-05-17T15:38:20+00:00\",\"mainEntityOfPage\":{\"@id\":\"https:\/\/abadestriana.com\/fr\/noches-de-verano-en-la-terraza-de-abades-triana\/\"},\"wordCount\":98,\"image\":{\"@id\":\"https:\/\/abadestriana.com\/fr\/noches-de-verano-en-la-terraza-de-abades-triana\/#primaryimage\"},\"thumbnailUrl\":\"https:\/\/abadestriana.com\/wp-content\/uploads\/2025\/05\/foto-terraza-embarcadero-sevilla-1.jpg\",\"articleSection\":[\"Propuestas Especiales\"],\"inLanguage\":\"fr-FR\"},{\"@type\":\"WebPage\",\"@id\":\"https:\/\/abadestriana.com\/fr\/noches-de-verano-en-la-terraza-de-abades-triana\/\",\"url\":\"https:\/\/abadestriana.com\/fr\/noches-de-verano-en-la-terraza-de-abades-triana\/\",\"name\":\"Nuits d\u00b4\u00e9t\u00e9 sur la terrasse d\u00b4Abades Triana - Abades Triana Restaurante\",\"isPartOf\":{\"@id\":\"https:\/\/abadestriana.com\/fr\/#website\"},\"primaryImageOfPage\":{\"@id\":\"https:\/\/abadestriana.com\/fr\/noches-de-verano-en-la-terraza-de-abades-triana\/#primaryimage\"},\"image\":{\"@id\":\"https:\/\/abadestriana.com\/fr\/noches-de-verano-en-la-terraza-de-abades-triana\/#primaryimage\"},\"thumbnailUrl\":\"https:\/\/abadestriana.com\/wp-content\/uploads\/2025\/05\/foto-terraza-embarcadero-sevilla-1.jpg\",\"datePublished\":\"2025-05-17T15:38:20+00:00\",\"author\":{\"@id\":\"https:\/\/abadestriana.com\/fr\/#\/schema\/person\/a65e38748588c9bf18b965fb6cc7c928\"},\"breadcrumb\":{\"@id\":\"https:\/\/abadestriana.com\/fr\/noches-de-verano-en-la-terraza-de-abades-triana\/#breadcrumb\"},\"inLanguage\":\"fr-FR\",\"potentialAction\":[{\"@type\":\"ReadAction\",\"target\":[\"https:\/\/abadestriana.com\/fr\/noches-de-verano-en-la-terraza-de-abades-triana\/\"]}]},{\"@type\":\"ImageObject\",\"inLanguage\":\"fr-FR\",\"@id\":\"https:\/\/abadestriana.com\/fr\/noches-de-verano-en-la-terraza-de-abades-triana\/#primaryimage\",\"url\":\"https:\/\/abadestriana.com\/wp-content\/uploads\/2025\/05\/foto-terraza-embarcadero-sevilla-1.jpg\",\"contentUrl\":\"https:\/\/abadestriana.com\/wp-content\/uploads\/2025\/05\/foto-terraza-embarcadero-sevilla-1.jpg\",\"width\":1500,\"height\":692},{\"@type\":\"BreadcrumbList\",\"@id\":\"https:\/\/abadestriana.com\/fr\/noches-de-verano-en-la-terraza-de-abades-triana\/#breadcrumb\",\"itemListElement\":[{\"@type\":\"ListItem\",\"position\":1,\"name\":\"Home\",\"item\":\"https:\/\/abadestriana.com\/fr\/\"},{\"@type\":\"ListItem\",\"position\":2,\"name\":\"Nuits d\u00b4\u00e9t\u00e9 sur la terrasse d\u00b4Abades Triana\"}]},{\"@type\":\"WebSite\",\"@id\":\"https:\/\/abadestriana.com\/fr\/#website\",\"url\":\"https:\/\/abadestriana.com\/fr\/\",\"name\":\"Abades Triana Restaurante\",\"description\":\"Abades Triana es uno de los mejores restaurantes de Sevilla y el m\u00e1s reservado de toda la ciudad. A orillas del r\u00edo Guadalquivir frente a la Torre del Oro.\",\"potentialAction\":[{\"@type\":\"SearchAction\",\"target\":{\"@type\":\"EntryPoint\",\"urlTemplate\":\"https:\/\/abadestriana.com\/fr\/?s={search_term_string}\"},\"query-input\":{\"@type\":\"PropertyValueSpecification\",\"valueRequired\":true,\"valueName\":\"search_term_string\"}}],\"inLanguage\":\"fr-FR\"},{\"@type\":\"Person\",\"@id\":\"https:\/\/abadestriana.com\/fr\/#\/schema\/person\/a65e38748588c9bf18b965fb6cc7c928\",\"name\":\"@nubeseo\",\"image\":{\"@type\":\"ImageObject\",\"inLanguage\":\"fr-FR\",\"@id\":\"https:\/\/abadestriana.com\/fr\/#\/schema\/person\/image\/\",\"url\":\"https:\/\/secure.gravatar.com\/avatar\/cc9211a704f37e9e46c0c9d0fe0a4ef6874d14d699f91fa6c7eeb85ac9d00088?s=96&d=mm&r=g\",\"contentUrl\":\"https:\/\/secure.gravatar.com\/avatar\/cc9211a704f37e9e46c0c9d0fe0a4ef6874d14d699f91fa6c7eeb85ac9d00088?s=96&d=mm&r=g\",\"caption\":\"@nubeseo\"},\"sameAs\":[\"http:\/\/restauranteabadestriana.test\"],\"url\":\"https:\/\/abadestriana.com\/fr\/author\/nubeseo\/\"}]}<\/script>\n<!-- \/ Yoast SEO plugin. -->","yoast_head_json":{"title":"Nuits d\u00b4\u00e9t\u00e9 sur la terrasse d\u00b4Abades Triana - Abades Triana Restaurante","robots":{"index":"index","follow":"follow","max-snippet":"max-snippet:-1","max-image-preview":"max-image-preview:large","max-video-preview":"max-video-preview:-1"},"canonical":"https:\/\/abadestriana.com\/fr\/noches-de-verano-en-la-terraza-de-abades-triana\/","og_locale":"fr_FR","og_type":"article","og_title":"Nuits d\u00b4\u00e9t\u00e9 sur la terrasse d\u00b4Abades Triana - Abades Triana Restaurante","og_description":"Notre terrasse se renouvelle pour vous offrir des nuits d&rsquo;\u00e9t\u00e9 uniques. En plus de la vue panoramique bien connue de S\u00e9ville que vous pouvez admirer depuis notre terrasse, nous avons ajout\u00e9 une nouvelle proposition gastronomique accompagn\u00e9e d&rsquo;une carte de cocktails in\u00e9dite. Notre terrasse est ouverte \u00e0 partir de 20h tous les jours de la semaine,","og_url":"https:\/\/abadestriana.com\/fr\/noches-de-verano-en-la-terraza-de-abades-triana\/","og_site_name":"Abades Triana Restaurante","article_published_time":"2025-05-17T15:38:20+00:00","og_image":[{"width":1600,"height":1066,"url":"https:\/\/abadestriana.com\/wp-content\/uploads\/2024\/06\/terraza-embarcadero.jpg","type":"image\/jpeg"}],"author":"@nubeseo","twitter_card":"summary_large_image","twitter_misc":{"\u00c9crit par":"@nubeseo","Dur\u00e9e de lecture estim\u00e9e":"1 minute"},"schema":{"@context":"https:\/\/schema.org","@graph":[{"@type":"Article","@id":"https:\/\/abadestriana.com\/fr\/noches-de-verano-en-la-terraza-de-abades-triana\/#article","isPartOf":{"@id":"https:\/\/abadestriana.com\/fr\/noches-de-verano-en-la-terraza-de-abades-triana\/"},"author":{"name":"@nubeseo","@id":"https:\/\/abadestriana.com\/fr\/#\/schema\/person\/a65e38748588c9bf18b965fb6cc7c928"},"headline":"Nuits d\u00b4\u00e9t\u00e9 sur la terrasse d\u00b4Abades Triana","datePublished":"2025-05-17T15:38:20+00:00","mainEntityOfPage":{"@id":"https:\/\/abadestriana.com\/fr\/noches-de-verano-en-la-terraza-de-abades-triana\/"},"wordCount":98,"image":{"@id":"https:\/\/abadestriana.com\/fr\/noches-de-verano-en-la-terraza-de-abades-triana\/#primaryimage"},"thumbnailUrl":"https:\/\/abadestriana.com\/wp-content\/uploads\/2025\/05\/foto-terraza-embarcadero-sevilla-1.jpg","articleSection":["Propuestas Especiales"],"inLanguage":"fr-FR"},{"@type":"WebPage","@id":"https:\/\/abadestriana.com\/fr\/noches-de-verano-en-la-terraza-de-abades-triana\/","url":"https:\/\/abadestriana.com\/fr\/noches-de-verano-en-la-terraza-de-abades-triana\/","name":"Nuits d\u00b4\u00e9t\u00e9 sur la terrasse d\u00b4Abades Triana - Abades Triana Restaurante","isPartOf":{"@id":"https:\/\/abadestriana.com\/fr\/#website"},"primaryImageOfPage":{"@id":"https:\/\/abadestriana.com\/fr\/noches-de-verano-en-la-terraza-de-abades-triana\/#primaryimage"},"image":{"@id":"https:\/\/abadestriana.com\/fr\/noches-de-verano-en-la-terraza-de-abades-triana\/#primaryimage"},"thumbnailUrl":"https:\/\/abadestriana.com\/wp-content\/uploads\/2025\/05\/foto-terraza-embarcadero-sevilla-1.jpg","datePublished":"2025-05-17T15:38:20+00:00","author":{"@id":"https:\/\/abadestriana.com\/fr\/#\/schema\/person\/a65e38748588c9bf18b965fb6cc7c928"},"breadcrumb":{"@id":"https:\/\/abadestriana.com\/fr\/noches-de-verano-en-la-terraza-de-abades-triana\/#breadcrumb"},"inLanguage":"fr-FR","potentialAction":[{"@type":"ReadAction","target":["https:\/\/abadestriana.com\/fr\/noches-de-verano-en-la-terraza-de-abades-triana\/"]}]},{"@type":"ImageObject","inLanguage":"fr-FR","@id":"https:\/\/abadestriana.com\/fr\/noches-de-verano-en-la-terraza-de-abades-triana\/#primaryimage","url":"https:\/\/abadestriana.com\/wp-content\/uploads\/2025\/05\/foto-terraza-embarcadero-sevilla-1.jpg","contentUrl":"https:\/\/abadestriana.com\/wp-content\/uploads\/2025\/05\/foto-terraza-embarcadero-sevilla-1.jpg","width":1500,"height":692},{"@type":"BreadcrumbList","@id":"https:\/\/abadestriana.com\/fr\/noches-de-verano-en-la-terraza-de-abades-triana\/#breadcrumb","itemListElement":[{"@type":"ListItem","position":1,"name":"Home","item":"https:\/\/abadestriana.com\/fr\/"},{"@type":"ListItem","position":2,"name":"Nuits d\u00b4\u00e9t\u00e9 sur la terrasse d\u00b4Abades Triana"}]},{"@type":"WebSite","@id":"https:\/\/abadestriana.com\/fr\/#website","url":"https:\/\/abadestriana.com\/fr\/","name":"Abades Triana Restaurante","description":"Abades Triana es uno de los mejores restaurantes de Sevilla y el m\u00e1s reservado de toda la ciudad. A orillas del r\u00edo Guadalquivir frente a la Torre del Oro.","potentialAction":[{"@type":"SearchAction","target":{"@type":"EntryPoint","urlTemplate":"https:\/\/abadestriana.com\/fr\/?s={search_term_string}"},"query-input":{"@type":"PropertyValueSpecification","valueRequired":true,"valueName":"search_term_string"}}],"inLanguage":"fr-FR"},{"@type":"Person","@id":"https:\/\/abadestriana.com\/fr\/#\/schema\/person\/a65e38748588c9bf18b965fb6cc7c928","name":"@nubeseo","image":{"@type":"ImageObject","inLanguage":"fr-FR","@id":"https:\/\/abadestriana.com\/fr\/#\/schema\/person\/image\/","url":"https:\/\/secure.gravatar.com\/avatar\/cc9211a704f37e9e46c0c9d0fe0a4ef6874d14d699f91fa6c7eeb85ac9d00088?s=96&d=mm&r=g","contentUrl":"https:\/\/secure.gravatar.com\/avatar\/cc9211a704f37e9e46c0c9d0fe0a4ef6874d14d699f91fa6c7eeb85ac9d00088?s=96&d=mm&r=g","caption":"@nubeseo"},"sameAs":["http:\/\/restauranteabadestriana.test"],"url":"https:\/\/abadestriana.com\/fr\/author\/nubeseo\/"}]}},"_links":{"self":[{"href":"https:\/\/abadestriana.com\/fr\/wp-json\/wp\/v2\/posts\/1724","targetHints":{"allow":["GET"]}}],"collection":[{"href":"https:\/\/abadestriana.com\/fr\/wp-json\/wp\/v2\/posts"}],"about":[{"href":"https:\/\/abadestriana.com\/fr\/wp-json\/wp\/v2\/types\/post"}],"author":[{"embeddable":true,"href":"https:\/\/abadestriana.com\/fr\/wp-json\/wp\/v2\/users\/1"}],"replies":[{"embeddable":true,"href":"https:\/\/abadestriana.com\/fr\/wp-json\/wp\/v2\/comments?post=1724"}],"version-history":[{"count":1,"href":"https:\/\/abadestriana.com\/fr\/wp-json\/wp\/v2\/posts\/1724\/revisions"}],"predecessor-version":[{"id":1726,"href":"https:\/\/abadestriana.com\/fr\/wp-json\/wp\/v2\/posts\/1724\/revisions\/1726"}],"wp:featuredmedia":[{"embeddable":true,"href":"https:\/\/abadestriana.com\/fr\/wp-json\/wp\/v2\/media\/3762"}],"wp:attachment":[{"href":"https:\/\/abadestriana.com\/fr\/wp-json\/wp\/v2\/media?parent=1724"}],"wp:term":[{"taxonomy":"category","embeddable":true,"href":"https:\/\/abadestriana.com\/fr\/wp-json\/wp\/v2\/categories?post=1724"},{"taxonomy":"post_tag","embeddable":true,"href":"https:\/\/abadestriana.com\/fr\/wp-json\/wp\/v2\/tags?post=1724"}],"curies":[{"name":"wp","href":"https:\/\/api.w.org\/{rel}","templated":true}]}}